{"id":1997,"date":"2019-08-08T10:47:15","date_gmt":"2019-08-08T08:47:15","guid":{"rendered":"https:\/\/www.forum.com.tn\/entreprise\/?p=1997"},"modified":"2019-08-08T10:47:15","modified_gmt":"2019-08-08T08:47:15","slug":"le-forum-lespace-des-seminaires-et-des-conferences-pour-les-entreprises","status":"publish","type":"post","link":"http:\/\/www.forum.com.tn\/entreprise\/Fr\/2019\/08\/08\/le-forum-lespace-des-seminaires-et-des-conferences-pour-les-entreprises\/","title":{"rendered":"Le Forum, l&rsquo;espace des s\u00e9minaires et des conf\u00e9rences pour les entreprises"},"content":{"rendered":"Le Forum est la maison de confiance pour les entreprises souhaitant <strong>organiser des s\u00e9minaires et des conf\u00e9rences<\/strong>. \u00a0D\u2019o\u00f9 son service professionnel de haut rang, caract\u00e9ris\u00e9 par une polyvalence optimis\u00e9e aux diff\u00e9rents \u00e9v\u00e8nements. Confiez l'<strong>organisation de vos s\u00e9minaires<\/strong> <strong>et conf\u00e9rences<\/strong> au Forum, l'<strong>agence \u00e9v\u00e9nementielle en Tunisie<\/strong>.\r\n\r\n&nbsp;\r\n<h2>Le Forum\u00a0: deux majestueuses salles pour vos \u00e9v\u00e8nements professionnels<\/h2>\r\nPour les entreprises qui ont besoin d\u2019un lieu d\u2019exception pour <strong>organiser\u00a0leur s\u00e9minaires ou conf\u00e9rences<\/strong>, Le Forum est l\u2019endroit luxueux qui peut r\u00e9pondre \u00e0 ces besoins. Vos <strong>\u00e9v\u00e8nements professionnels<\/strong> peuvent se d\u00e9rouler dans\u00a0l'un des deux \u00e9l\u00e9gants et modernes espaces que Le Forum met \u00e0 votre disposition. <strong>Supr\u00eame et Prestige<\/strong>\u00a0peuvent accueillir respectivement\u00a0600 et 300 personnes dans le but de mettre \u00e7 votre services\u00a0la meilleure salle de <a href=\"https:\/\/www.forum.com.tn\/entreprise\/Fr\/nos-espaces\/\">conf\u00e9rences \u00e0 Tunis,<\/a> digne d\u2019un \u00e9v\u00e8nement de grande envergure.\r\n\r\nDe plus, Le Forum met \u00e0 votre disposition son savoir-faire gastronomique, fournissant des buffets exquis qui exalteront vos papilles durant votre <strong>\u00e9v\u00e8nement professionnel<\/strong>, ce qui aura pour but, de donner une touche d\u2019originalit\u00e9 qui \u00e0 son tour animera l\u2019ambiance d\u00e9contract\u00e9e des <strong>salles de conf\u00e9rences<\/strong> du Forum. R\u00e9ussir son <strong>\u00e9v\u00e8nement professionnel<\/strong> est une priorit\u00e9 pour les entreprises, mais tout aussi capital pour le Forum\u00a0; puisqu\u2019il est le <strong>meilleur organisateur de s\u00e9minaires et conf\u00e9rences en Tunisie<\/strong>.\r\n<h2>Le Forum\u00a0: cr\u00e9ateur d\u2019\u00e9v\u00e8nements diversifi\u00e9s pour les entreprises<\/h2>\r\nLa devise du forum est claire et simple\u00a0: faire de votre \u00e9v\u00e9nement un moment d\u2019exception et de succ\u00e8s pour les entreprises. Nos espaces multifonctionnels comme votre <a href=\"https:\/\/www.forum.com.tn\/entreprise\/Fr\/votre-evenement\/\">salle de conf\u00e9rence Tunis<\/a>, peuvent tr\u00e8s bien \u00eatre utiles pour d\u2019autres types de manifestation. De ce fait, Le Forum est un lieu de vie, pour les entreprises qui souhaitent y organiser un \u00e9v\u00e8nement convivial, et d\u00e9contract\u00e9, qui a comme finalit\u00e9 celle de consolider une entreprise par un d\u00e9fil\u00e9 de mannequin\u00a0; ou encore une exhibition d\u2019un groupe musical de votre choix. Le Forum, permet par sa panoplie de services d\u2019\u00e9lite de diversifi\u00e9, les \u00e9v\u00e8nements et les \u00ab\u00a0model\u00e9s\u00a0\u00bb \u00e0 la demande des entreprises\u00a0: fournir une polyvalence sans pr\u00e9c\u00e9dent.\r\n\r\nCe genre d\u2019initiative est tout aussi r\u00e9alisable au Forum, notamment les \u00e9v\u00e8nements qui visent \u00e0 renforcer la coh\u00e9sion et l\u2019esprit d\u2019\u00e9quipe de vos employ\u00e9s, par des activit\u00e9s sp\u00e9cifiques (Team- Building). Pour les entreprises qui veulent \u00ab\u00a0g\u00e2ter\u00a0\u00bb leurs collaborateurs, Le Forum propose des \u00e9v\u00e8nements culinaires finement \u00e9labor\u00e9s par nos meilleurs chefs.\r\n\r\nLe Forum est le \u00ab\u00a0factotum\u00a0\u00bb auquel toutes les entreprises font appel pour organiser leur \u00e9v\u00e8nement professionnel superlatif.\r\n\r\n&nbsp;","protected":false},"excerpt":{"rendered":"Le Forum est la maison de confiance pour les entreprises souhaitant organiser des s\u00e9minaires et des conf\u00e9rences. \u00a0D\u2019o\u00f9 son service professionnel de haut rang, caract\u00e9ris\u00e9 par une polyvalence optimis\u00e9e aux diff\u00e9rents \u00e9v\u00e8nements. Confiez l&rsquo;organisation de vos s\u00e9minaires et conf\u00e9rences au Forum, l&rsquo;agence \u00e9v\u00e9nementielle en Tunisie. &nbsp; Le Forum\u00a0: deux majestueuses salles pour vos \u00e9v\u00e8nements professionnels <a class=\"read-more\" href=\"http:\/\/www.forum.com.tn\/entreprise\/Fr\/2019\/08\/08\/le-forum-lespace-des-seminaires-et-des-conferences-pour-les-entreprises\/\">&#8230;<\/a>","protected":false},"author":1,"featured_media":1999,"comment_status":"open","ping_status":"open","sticky":false,"template":"","format":"standard","meta":[],"categories":[1],"tags":[],"_links":{"self":[{"href":"http:\/\/www.forum.com.tn\/entreprise\/Fr\/wp-json\/wp\/v2\/posts\/1997"}],"collection":[{"href":"http:\/\/www.forum.com.tn\/entreprise\/Fr\/wp-json\/wp\/v2\/posts"}],"about":[{"href":"http:\/\/www.forum.com.tn\/entreprise\/Fr\/wp-json\/wp\/v2\/types\/post"}],"author":[{"embeddable":true,"href":"http:\/\/www.forum.com.tn\/entreprise\/Fr\/wp-json\/wp\/v2\/users\/1"}],"replies":[{"embeddable":true,"href":"http:\/\/www.forum.com.tn\/entreprise\/Fr\/wp-json\/wp\/v2\/comments?post=1997"}],"version-history":[{"count":1,"href":"http:\/\/www.forum.com.tn\/entreprise\/Fr\/wp-json\/wp\/v2\/posts\/1997\/revisions"}],"predecessor-version":[{"id":2000,"href":"http:\/\/www.forum.com.tn\/entreprise\/Fr\/wp-json\/wp\/v2\/posts\/1997\/revisions\/2000"}],"wp:featuredmedia":[{"embeddable":true,"href":"http:\/\/www.forum.com.tn\/entreprise\/Fr\/wp-json\/wp\/v2\/media\/1999"}],"wp:attachment":[{"href":"http:\/\/www.forum.com.tn\/entreprise\/Fr\/wp-json\/wp\/v2\/media?parent=1997"}],"wp:term":[{"taxonomy":"category","embeddable":true,"href":"http:\/\/www.forum.com.tn\/entreprise\/Fr\/wp-json\/wp\/v2\/categories?post=1997"},{"taxonomy":"post_tag","embeddable":true,"href":"http:\/\/www.forum.com.tn\/entreprise\/Fr\/wp-json\/wp\/v2\/tags?post=1997"}],"curies":[{"name":"wp","href":"https:\/\/api.w.org\/{rel}","templated":true}]}}